[{"@context":"https:\/\/schema.org\/","@type":"Article","@id":"https:\/\/www.ikhb.cz\/kari-traa-norsky-ostruvek-v-ceske-krajine\/#Article","mainEntityOfPage":"https:\/\/www.ikhb.cz\/kari-traa-norsky-ostruvek-v-ceske-krajine\/","headline":"Kari Traa \u2013 norsk\u00fd ostr\u016fvek v \u010desk\u00e9 krajin\u011b","name":"Kari Traa \u2013 norsk\u00fd ostr\u016fvek v \u010desk\u00e9 krajin\u011b","description":"\u0158\u00edk\u00e1 v\u00e1m n\u011bco jm\u00e9no Kari Traa? Pokud jste byli dosp\u00edvaj\u00edc\u00edmi \u010di dosp\u011bl\u00fdmi mu\u017ei na p\u0159elomu mil\u00e9nia, pak mo\u017en\u00e1 va\u0161\u00ed pozornosti neunikla p\u0159ekr\u00e1sn\u00e1 Norka Kari Traa. Byla to velmi \u00fasp\u011b\u0161n\u00e1 ly\u017ea\u0159ka, reprezentovala Norsko na zimn\u00edch olympi\u00e1d\u00e1ch a mistrovstv\u00edch sv\u011bta, odkud si dovezla n\u011bkolik cenn\u00fdch kov\u016f. Jej\u00ed p\u016fvab zvy\u0161oval mu\u017e\u016fm testosteron a na jej\u00ed kr\u00e1se neubrala ani <a href=\"https:\/\/www.ikhb.cz\/kari-traa-norsky-ostruvek-v-ceske-krajine\/\"> read more <span class=\"meta-nav\">&raquo;<\/span><\/a>","datePublished":"2024-10-18","dateModified":"2024-10-18","author":{"@type":"Person","@id":"https:\/\/www.ikhb.cz\/author\/#Person","name":"","url":"https:\/\/www.ikhb.cz\/author\/","identifier":1,"image":{"@type":"ImageObject","@id":"https:\/\/secure.gravatar.com\/avatar\/c3c8c755425dd2471c09c708679d7ce7419edeb32b4db4bfbe1377eb9462fa49?s=96&d=mm&r=g","url":"https:\/\/secure.gravatar.com\/avatar\/c3c8c755425dd2471c09c708679d7ce7419edeb32b4db4bfbe1377eb9462fa49?s=96&d=mm&r=g","height":96,"width":96}},"publisher":{"@type":"Organization","name":"ikhb.cz","logo":{"@type":"ImageObject","@id":"\/logo.png","url":"\/logo.png","width":600,"height":60}},"image":{"@type":"ImageObject","@id":"https:\/\/www.ikhb.cz\/wp-content\/uploads\/zipper-1557692_640.jpg","url":"https:\/\/www.ikhb.cz\/wp-content\/uploads\/zipper-1557692_640.jpg","height":0,"width":0},"url":"https:\/\/www.ikhb.cz\/kari-traa-norsky-ostruvek-v-ceske-krajine\/","about":["Produkty"],"wordCount":402,"articleBody":"      \u0158\u00edk\u00e1 v\u00e1m n\u011bco jm\u00e9no Kari Traa? Pokud jste byli dosp\u00edvaj\u00edc\u00edmi \u010di dosp\u011bl\u00fdmi mu\u017ei na p\u0159elomu mil\u00e9nia, pak mo\u017en\u00e1 va\u0161\u00ed pozornosti neunikla p\u0159ekr\u00e1sn\u00e1 Norka Kari Traa. Byla to velmi \u00fasp\u011b\u0161n\u00e1 ly\u017ea\u0159ka, reprezentovala Norsko na zimn\u00edch olympi\u00e1d\u00e1ch a mistrovstv\u00edch sv\u011bta, odkud si dovezla n\u011bkolik cenn\u00fdch kov\u016f. Jej\u00ed p\u016fvab zvy\u0161oval mu\u017e\u016fm testosteron a na jej\u00ed kr\u00e1se neubrala ani sou\u010dasn\u00e1 doba, kdy v roce 2024 oslavila pades\u00e1tku. Po ukon\u010den\u00ed vrcholov\u00e9 kari\u00e9ry se Norka Kari Traa za\u010dala v\u011bnovat i v\u00fdrob\u011b a prodeji zna\u010dkov\u00e9ho d\u00e1msk\u00e9ho oble\u010den\u00ed, kter\u00e9 souvis\u00ed se sportem a outdoorem. V sou\u010dasn\u00e9 dob\u011b zam\u011bstn\u00e1v\u00e1 \u0161ikovn\u00e9 m\u00f3dn\u00ed n\u00e1vrh\u00e1\u0159ky, s jejich\u017e pomoc\u00ed dod\u00e1v\u00e1 na trh velmi p\u011bkn\u00e9 kousky, mezi nimi i bundy a parky Kari Traa Sanne lined. D\u00e1msk\u00e1 lehk\u00e1 bunda Sanne Lined by mohla oslovit t\u0159eba va\u0161i p\u0159\u00edtelkyni, se kterou se chyst\u00e1te na v\u00fdlet nebo na dovolenou do hor. V \u010cesk\u00e9 republice se nav\u00edc nach\u00e1z\u00ed jedno m\u00edsto, kter\u00e9 se vymyk\u00e1 typick\u00e9 krajin\u011b m\u00edrn\u00e9ho p\u00e1sma a p\u0159ipomene v\u00e1m sp\u00ed\u0161e skandin\u00e1vskou tundru, typickou pro i n\u011bkter\u00e9 oblasti Norska. Najdete ji v Krkono\u0161\u00edch, na n\u00e1horn\u00ed planin\u011b Labsk\u00e9 louky u pramene Labe, mezi Labskou boudou, Voseckou boudou, Lysou horou a Dvora\u010dkami. Jestli\u017ee zav\u00edt\u00e1te do tohoto klidov\u00e9ho \u00fazem\u00ed Krkono\u0161sk\u00e9ho n\u00e1rodn\u00edho parku, a vyd\u00e1te se Harrachovou cestou k Mumlavsk\u00fdm vodop\u00e1d\u016fm, ponesete na sob\u011b pomysln\u00fd norsk\u00fd ostr\u016fvek v \u010desk\u00e9 seversk\u00e9 tund\u0159e a mo\u017en\u00e1, \u017ee si v t\u00e9to souvislosti vybav\u00edte kr\u00e1snou \u010deskou komedii \u201eSvatebn\u00ed cesta do Jilj\u00ed\u201c s Josefem Abrh\u00e1mem a Libu\u0161\u00ed \u0160afr\u00e1nkovou, p\u0159i\u010dem\u017e Pepa Abrh\u00e1m m\u011bl na sob\u011b velmi podobnou bundu, i kdy\u017e samoz\u0159ejm\u011b nesrovnateln\u011b chud\u0161\u00ed a skromn\u011bj\u0161\u00ed, nav\u00edc se tehdy psal rok 1983.Va\u0161e p\u0159\u00edtelkyn\u011b s parkou Kari Traa se bude v krkono\u0161sk\u00e9 p\u0159\u00edrod\u011b \u00fa\u017easn\u011b vyj\u00edmat a t\u0159eba n\u011bkte\u0159\u00ed turist\u00e9, co v\u00e1s budou m\u00edjet, zatou\u017e\u00ed m\u00edt na sob\u011b n\u011bco podobn\u00e9ho, p\u016fvodem od \u00fasp\u011b\u0161n\u00e9 norsk\u00e9 sportovkyn\u011b a milovnice kr\u00e1sn\u00e9ho oble\u010den\u00ed Kari Traa.                                                                                                                                                                                                                                                                                                                                                                                           4.3\/5 - (11 votes)        "},{"@context":"https:\/\/schema.org\/","@type":"BreadcrumbList","itemListElement":[{"@type":"ListItem","position":1,"name":"Kari Traa \u2013 norsk\u00fd ostr\u016fvek v \u010desk\u00e9 krajin\u011b","item":"https:\/\/www.ikhb.cz\/kari-traa-norsky-ostruvek-v-ceske-krajine\/#breadcrumbitem"}]}]